{"id":1171,"date":"2019-03-26T17:54:10","date_gmt":"2019-03-26T15:54:10","guid":{"rendered":"http:\/\/laju-merdingen.de\/?p=1171"},"modified":"2019-03-27T09:09:16","modified_gmt":"2019-03-27T07:09:16","slug":"generalversammlung-2019","status":"publish","type":"post","link":"http:\/\/laju-merdingen.de\/?p=1171","title":{"rendered":"Generalversammlung 2019 &#x1f4c5;"},"content":{"rendered":"<p>Hallo zusammen &#x1f44b;<\/p>\n<p>letzten Freitag, also am <strong>22. M\u00e4rz<\/strong> war unsere Generalversammlung, zu der wir nun noch ein paar Worte schreiben wollen.<\/p>\n<p>Los ging es um 19 Uhr im Gasthaus Sonne mit insgesamt 42 anwesenden aktiven und auch passiven Mitglieder. An dieser Stelle ein Danke, dass ihr alle dabei wart, und ein besondere Dank an unseren B\u00fcrgermeister Martin Rupp f\u00fcr sein Kommen! &#x1f60a;<\/p>\n<p>Dieses Jahr standen wie angek\u00fcndigt wieder Vollwahlen statt. Da uns aber auch in diesem Zug zwei sehr wichtige, langj\u00e4hrige und treue Vorst\u00e4nde verlassen (Dominik Schopp, Stefanie B\u00e4rmann) haben und keine weiteren Kandidaten f\u00fcr die 1. oder 2. Vorstandschaft sich aufstellen lie\u00dfen, war f\u00fcr uns klar, dass wir eine neue Satzung in Kraft setzten wollen und haben uns nun zu einem <strong>Vorstandsteam<\/strong>, entschieden. Dass bedeutet, dass dieses Team nun aus 6 Vorsitzenden besteht mit zus\u00e4tzlich einem Rechnerposten und optional weiteren Beisitzer. Bei der Anzahl der Beisitzer durften wir uns nach Genehmigung eines Antrags entscheiden wieviel wir in die Vorstandschaft aufnehmen wollen und haben uns dann schlie\u00dflich f\u00fcr 5 entschieden.&#x1f4aa;<\/p>\n<p>Somit d\u00fcrfen wir euch ab jetzt den folgenden Vorstand vorstellen:<\/p>\n<p><strong>&#x1f60d; Unser Vorstandsteam:<\/strong><\/p>\n<p><a href=\"http:\/\/laju-merdingen.de\/wp-content\/uploads\/2019\/03\/SAM5395-1.jpg\"><img loading=\"lazy\" decoding=\"async\" class=\"alignnone wp-image-1173 size-full\" src=\"http:\/\/laju-merdingen.de\/wp-content\/uploads\/2019\/03\/SAM5395-1.jpg\" alt=\"\" width=\"3000\" height=\"2000\" srcset=\"http:\/\/laju-merdingen.de\/wp-content\/uploads\/2019\/03\/SAM5395-1.jpg 3000w, http:\/\/laju-merdingen.de\/wp-content\/uploads\/2019\/03\/SAM5395-1-300x200.jpg 300w, http:\/\/laju-merdingen.de\/wp-content\/uploads\/2019\/03\/SAM5395-1-768x512.jpg 768w, http:\/\/laju-merdingen.de\/wp-content\/uploads\/2019\/03\/SAM5395-1-1024x683.jpg 1024w, http:\/\/laju-merdingen.de\/wp-content\/uploads\/2019\/03\/SAM5395-1-450x300.jpg 450w\" sizes=\"auto, (max-width: 3000px) 100vw, 3000px\" \/><\/a><\/p>\n<p><em><strong>oben von links:<\/strong> Dominik B\u00e4rmann, Felix Landmann<\/em><\/p>\n<p><em><strong>unten von links:<\/strong> Sophia Kraft, Jana Schirnhofer, Emma Tr\u00f6sch, Lina Hodapp<\/em><\/p>\n<p>&nbsp;<\/p>\n<p><strong>\u2026 und mit unserer Rechnerin und den 5 Beisitzer zusammen &#x1f60d;:<\/strong><\/p>\n<p><a href=\"http:\/\/laju-merdingen.de\/wp-content\/uploads\/2019\/03\/SAM5398.jpg\"><img loading=\"lazy\" decoding=\"async\" class=\"alignnone wp-image-1172 size-full\" src=\"http:\/\/laju-merdingen.de\/wp-content\/uploads\/2019\/03\/SAM5398.jpg\" alt=\"\" width=\"5472\" height=\"3648\" srcset=\"http:\/\/laju-merdingen.de\/wp-content\/uploads\/2019\/03\/SAM5398.jpg 5472w, http:\/\/laju-merdingen.de\/wp-content\/uploads\/2019\/03\/SAM5398-300x200.jpg 300w, http:\/\/laju-merdingen.de\/wp-content\/uploads\/2019\/03\/SAM5398-768x512.jpg 768w, http:\/\/laju-merdingen.de\/wp-content\/uploads\/2019\/03\/SAM5398-1024x683.jpg 1024w, http:\/\/laju-merdingen.de\/wp-content\/uploads\/2019\/03\/SAM5398-450x300.jpg 450w\" sizes=\"auto, (max-width: 5472px) 100vw, 5472px\" \/><\/a><\/p>\n<p><em><strong>oben von links:<\/strong> Felix Landmann, Alexandra Schnurr (Beisitzer), Marco B\u00e4rmann (Beisitzer), Dominik B\u00e4rmann, Valentin Sch\u00e4chtele (Beisitzer)<\/em><\/p>\n<p><em><strong>unten von links<\/strong>: Alina Wiedensohler (Beisitzer), Leonie Landmann (Rechner), Sarah Ullrich (Beisit<\/em><em>zer), Sophia Kraft, Jana Schirnhofer, Lina Hodapp, Emma Tr\u00f6sch<\/em><\/p>\n<p>&nbsp;<\/p>\n<p>Vielen Dank an alle Neuen die sich aufstellen und w\u00e4hlen lassen haben! &#x1f46b;<\/p>\n<p>Wir freuen uns auf ein tolles Jahr mit euch allen zusammen! &#x1f44d;&#x1f60a;<\/p>\n<p>&nbsp;<\/p>\n","protected":false},"excerpt":{"rendered":"<p>Hallo zusammen &#x1f44b; letzten Freitag, also am 22. M\u00e4rz war unsere Generalversammlung, zu der wir nun noch ein paar Worte schreiben wollen. Los ging es um 19 Uhr im Gasthaus Sonne mit insgesamt 42 anwesenden aktiven und auch passiven Mitglieder. &hellip; <a href=\"http:\/\/laju-merdingen.de\/?p=1171\">Weiterlesen <span class=\"meta-nav\">&rarr;<\/span><\/a><\/p>\n","protected":false},"author":10,"featured_media":0,"comment_status":"open","ping_status":"open","sticky":false,"template":"","format":"standard","meta":{"footnotes":""},"categories":[1],"tags":[],"class_list":["post-1171","post","type-post","status-publish","format-standard","hentry","category-allgemein"],"_links":{"self":[{"href":"http:\/\/laju-merdingen.de\/index.php?rest_route=\/wp\/v2\/posts\/1171","targetHints":{"allow":["GET"]}}],"collection":[{"href":"http:\/\/laju-merdingen.de\/index.php?rest_route=\/wp\/v2\/posts"}],"about":[{"href":"http:\/\/laju-merdingen.de\/index.php?rest_route=\/wp\/v2\/types\/post"}],"author":[{"embeddable":true,"href":"http:\/\/laju-merdingen.de\/index.php?rest_route=\/wp\/v2\/users\/10"}],"replies":[{"embeddable":true,"href":"http:\/\/laju-merdingen.de\/index.php?rest_route=%2Fwp%2Fv2%2Fcomments&post=1171"}],"version-history":[{"count":5,"href":"http:\/\/laju-merdingen.de\/index.php?rest_route=\/wp\/v2\/posts\/1171\/revisions"}],"predecessor-version":[{"id":1182,"href":"http:\/\/laju-merdingen.de\/index.php?rest_route=\/wp\/v2\/posts\/1171\/revisions\/1182"}],"wp:attachment":[{"href":"http:\/\/laju-merdingen.de\/index.php?rest_route=%2Fwp%2Fv2%2Fmedia&parent=1171"}],"wp:term":[{"taxonomy":"category","embeddable":true,"href":"http:\/\/laju-merdingen.de\/index.php?rest_route=%2Fwp%2Fv2%2Fcategories&post=1171"},{"taxonomy":"post_tag","embeddable":true,"href":"http:\/\/laju-merdingen.de\/index.php?rest_route=%2Fwp%2Fv2%2Ftags&post=1171"}],"curies":[{"name":"wp","href":"https:\/\/api.w.org\/{rel}","templated":true}]}}